{"id":23016,"date":"2025-03-26T12:16:43","date_gmt":"2025-03-26T11:16:43","guid":{"rendered":"https:\/\/www.schraml.de\/?p=23016"},"modified":"2025-03-26T12:16:46","modified_gmt":"2025-03-26T11:16:46","slug":"dr-stephanie-kauf-schraml-erneut-vorstandsvorsitzende-des-umweltcluster-bayern","status":"publish","type":"post","link":"https:\/\/www.schraml.de\/index.php\/2025\/03\/26\/dr-stephanie-kauf-schraml-erneut-vorstandsvorsitzende-des-umweltcluster-bayern\/","title":{"rendered":"Dr. Stephanie Kauf-Schraml erneut Vorstandsvorsitzende des Umweltcluster Bayern"},"content":{"rendered":"<div id='full_slider_1'  class='avia-fullwidth-slider main_color avia-shadow   avia-builder-el-0  el_before_av_section  avia-builder-el-first   container_wrap fullsize'  ><div  class='avia-slideshow av-m8pp6uf8-09d892e7d44b46b8b6c5ad59a2312433 avia-slideshow-no scaling av_slideshow_full avia-slide-slider av-slideshow-ui av-control-default av-slideshow-manual av-loop-once av-loop-manual-endless av-default-height-applied   avia-slideshow-1' data-slideshow-options=\"{&quot;animation&quot;:&quot;slide&quot;,&quot;autoplay&quot;:false,&quot;loop_autoplay&quot;:&quot;once&quot;,&quot;interval&quot;:5,&quot;loop_manual&quot;:&quot;manual-endless&quot;,&quot;autoplay_stopper&quot;:false,&quot;noNavigation&quot;:false,&quot;bg_slider&quot;:false,&quot;keep_padding&quot;:false,&quot;hoverpause&quot;:false,&quot;show_slide_delay&quot;:0}\"  itemprop=\"image\" itemscope=\"itemscope\" itemtype=\"https:\/\/schema.org\/ImageObject\" ><ul class='avia-slideshow-inner ' style='padding-bottom: 20.833333333333%;'><li  class='avia-slideshow-slide av-m8pp6uf8-09d892e7d44b46b8b6c5ad59a2312433__0  av-single-slide slide-1 slide-odd'><div data-rel='slideshow-1' class='avia-slide-wrap '   ><img fetchpriority=\"high\" fetchpriority=\"high\" decoding=\"async\" fetchpriority=\"high\" class=\"wp-image-23023 avia-img-lazy-loading-not-23023\"  src=\"https:\/\/www.schraml.de\/wp-content\/uploads\/2025\/03\/versch.-Header-Website22.png\" width=\"1920\" height=\"400\" title='Dr. Stephanie Kauf-Schraml erneut Vorstandsvorsitzende des Umweltcluster Bayern' alt=''  itemprop=\"thumbnailUrl\" srcset=\"https:\/\/www.schraml.de\/wp-content\/uploads\/2025\/03\/versch.-Header-Website22.png 1920w, https:\/\/www.schraml.de\/wp-content\/uploads\/2025\/03\/versch.-Header-Website22-300x63.png 300w, https:\/\/www.schraml.de\/wp-content\/uploads\/2025\/03\/versch.-Header-Website22-1030x215.png 1030w, https:\/\/www.schraml.de\/wp-content\/uploads\/2025\/03\/versch.-Header-Website22-768x160.png 768w, https:\/\/www.schraml.de\/wp-content\/uploads\/2025\/03\/versch.-Header-Website22-1536x320.png 1536w, https:\/\/www.schraml.de\/wp-content\/uploads\/2025\/03\/versch.-Header-Website22-1500x313.png 1500w, https:\/\/www.schraml.de\/wp-content\/uploads\/2025\/03\/versch.-Header-Website22-705x147.png 705w\" sizes=\"(max-width: 1920px) 100vw, 1920px\" \/><\/div><\/li><\/ul><\/div><\/div>\n<div id='av_section_1'  class='avia-section av-1kqsvgo-9eb97c3dea90eb7d77d9e60392dcd39b main_color avia-section-default avia-no-border-styling  avia-builder-el-1  el_after_av_slideshow_full  el_before_av_section  avia-bg-style-scroll container_wrap fullsize'  ><div class='container av-section-cont-open' ><div class='template-page content  av-content-full alpha units'><div class='post-entry post-entry-type-page post-entry-23016'><div class='entry-content-wrapper clearfix'>\n<div  class='flex_column av-12zdbrc-59b4ce0516465cdedcbe9fa53ea73375 av_one_full  avia-builder-el-2  avia-builder-el-no-sibling  first flex_column_div  '     ><p>\n<style type=\"text\/css\" data-created_by=\"avia_inline_auto\" id=\"style-css-av-m8ppbv4k-07debef944068f2769ed21927b7edfe2\">\n#top .av-special-heading.av-m8ppbv4k-07debef944068f2769ed21927b7edfe2{\npadding-bottom:10px;\n}\nbody .av-special-heading.av-m8ppbv4k-07debef944068f2769ed21927b7edfe2 .av-special-heading-tag .heading-char{\nfont-size:25px;\n}\n.av-special-heading.av-m8ppbv4k-07debef944068f2769ed21927b7edfe2 .av-subheading{\nfont-size:15px;\n}\n<\/style>\n<div  class='av-special-heading av-m8ppbv4k-07debef944068f2769ed21927b7edfe2 av-special-heading-h1 blockquote modern-quote  avia-builder-el-3  el_before_av_textblock  avia-builder-el-first '><h1 class='av-special-heading-tag '  itemprop=\"headline\"  >Dr. Stephanie Kauf-Schraml erneut Vorstandsvorsitzende des Umweltcluster Bayern \u2013 Starkes Netzwerk f\u00fcr Umwelttechnologie und Nachhaltigkeit<\/h1><div class=\"special-heading-border\"><div class=\"special-heading-inner-border\"><\/div><\/div><\/div><br \/>\n<section  class='av_textblock_section av-m8ppcmc1-a3294d72914d0f6510b052f7d9b1b5b3 '   itemscope=\"itemscope\" itemtype=\"https:\/\/schema.org\/BlogPosting\" itemprop=\"blogPost\" ><div class='avia_textblock'  itemprop=\"text\" ><p class=\"\" data-start=\"151\" data-end=\"338\">Wir freuen uns sehr, dass <strong data-start=\"202\" data-end=\"232\">Dr. Stephanie Kauf-Schraml, <\/strong>Mitglied unserer Gesch\u00e4ftsf\u00fchrung, erneut zur <strong data-start=\"244\" data-end=\"316\">Vorstandsvorsitzenden und Clustersprecherin des Umweltcluster Bayern<\/strong> gew\u00e4hlt wurde! \ud83c\udf3f\ud83d\ude80<\/p>\n<p class=\"\" data-start=\"340\" data-end=\"693\">Das <strong data-start=\"344\" data-end=\"368\">Umweltcluster Bayern<\/strong> ist eines der bedeutendsten Netzwerke f\u00fcr Umwelttechnologie und nachhaltige Innovationen in Deutschland. Als zentraler Akteur in der bayerischen Umweltwirtschaft verbindet es Unternehmen, Forschungseinrichtungen und politische Institutionen, um gemeinsam L\u00f6sungen f\u00fcr dr\u00e4ngende \u00f6kologische Herausforderungen zu entwickeln.<\/p>\n<\/div><\/section><\/p><\/div>\n\n<\/div><\/div><\/div><!-- close content main div --><\/div><\/div>\n<style type=\"text\/css\" data-created_by=\"avia_inline_auto\" id=\"style-css-av-m8ppkdxp-e773c3fcadf8a8fbf0f39d4ad70e49fe\">\n.avia-section.av-m8ppkdxp-e773c3fcadf8a8fbf0f39d4ad70e49fe{\nbackground-color:#dbe2ea;\nbackground-image:unset;\n}\n<\/style>\n<div id='av_section_2'  class='avia-section av-m8ppkdxp-e773c3fcadf8a8fbf0f39d4ad70e49fe main_color avia-section-default avia-no-border-styling  avia-builder-el-5  el_after_av_section  el_before_av_section  avia-bg-style-scroll container_wrap fullsize'  ><div class='container av-section-cont-open' ><div class='template-page content  av-content-full alpha units'><div class='post-entry post-entry-type-page post-entry-23016'><div class='entry-content-wrapper clearfix'>\n\n<style type=\"text\/css\" data-created_by=\"avia_inline_auto\" id=\"style-css-av-m8ppdiwp-894ad3d5d3eb5759736b3db5a6810385\">\n#top .av-special-heading.av-m8ppdiwp-894ad3d5d3eb5759736b3db5a6810385{\npadding-bottom:10px;\n}\nbody .av-special-heading.av-m8ppdiwp-894ad3d5d3eb5759736b3db5a6810385 .av-special-heading-tag .heading-char{\nfont-size:25px;\n}\n.av-special-heading.av-m8ppdiwp-894ad3d5d3eb5759736b3db5a6810385 .av-subheading{\nfont-size:15px;\n}\n<\/style>\n<div  class='av-special-heading av-m8ppdiwp-894ad3d5d3eb5759736b3db5a6810385 av-special-heading-h3 blockquote modern-quote  avia-builder-el-6  el_before_av_textblock  avia-builder-el-first '><h3 class='av-special-heading-tag '  itemprop=\"headline\"  >Warum ist das Umweltcluster Bayern so wichtig?<\/h3><div class=\"special-heading-border\"><div class=\"special-heading-inner-border\"><\/div><\/div><\/div>\n<section  class='av_textblock_section av-m8ppd6ll-722008406d4f7642390a20163f495283 '   itemscope=\"itemscope\" itemtype=\"https:\/\/schema.org\/BlogPosting\" itemprop=\"blogPost\" ><div class='avia_textblock'  itemprop=\"text\" ><p>Der Schutz unserer Umwelt erfordert innovative Technologien, nachhaltige Gesch\u00e4ftsmodelle und einen intensiven Austausch zwischen Wirtschaft, Wissenschaft und Politik. Genau hier setzt das Umweltcluster Bayern an. Als Plattform f\u00fcr Wissenstransfer, Kooperation und technologische Entwicklung verfolgt das Cluster das Ziel, die bayerische Umweltwirtschaft zu st\u00e4rken und gleichzeitig einen bedeutenden Beitrag zur \u00f6kologischen Transformation zu leisten.<\/p>\n<\/div><\/section>\n\n<style type=\"text\/css\" data-created_by=\"avia_inline_auto\" id=\"style-css-av-m8ppk8t1-0bc45046c8761a5a0213d3a15e96218d\">\n#top .avia-icon-list-container.av-m8ppk8t1-0bc45046c8761a5a0213d3a15e96218d .iconlist_icon{\ncolor:#30455b;\nbackground-color:#dbe2ea;\nborder:1px solid #ffffff;\n}\n#top .avia-icon-list-container.av-m8ppk8t1-0bc45046c8761a5a0213d3a15e96218d .iconlist_icon svg:first-child{\nstroke:#30455b;\nfill:#30455b;\n}\n<\/style>\n<div  class='avia-icon-list-container av-m8ppk8t1-0bc45046c8761a5a0213d3a15e96218d  avia-builder-el-8  el_after_av_textblock  avia-builder-el-last '><ul class='avia-icon-list avia_animate_when_almost_visible avia-icon-list-left av-iconlist-big av-m8ppk8t1-0bc45046c8761a5a0213d3a15e96218d avia-iconlist-animate'>\n<li><div class='iconlist_icon av-m8ppepdo-5a6bf6b18f8ab091f9776667046f971a avia-font-svg_entypo-fontello avia-svg-icon avia-font-svg_entypo-fontello'><span class='av-icon-char' data-av_svg_icon='rocket' data-av_iconset='svg_entypo-fontello'><svg version=\"1.1\" xmlns=\"http:\/\/www.w3.org\/2000\/svg\" width=\"28\" height=\"32\" viewBox=\"0 0 28 32\" preserveAspectRatio=\"xMidYMid meet\" aria-labelledby='av-svg-title-1' aria-describedby='av-svg-desc-1' role=\"graphics-symbol\" aria-hidden=\"true\">\n<title id='av-svg-title-1'>Rocket<\/title>\n<desc id='av-svg-desc-1'>Rocket<\/desc>\n<path d=\"M17.376 19.648q0.192 1.6 0.256 2.592t-0.256 1.888-0.416 1.28-1.12 1.024-1.44 0.832-2.24 0.992-2.72 1.184q-1.024 0.384-1.44-0.128t-0.096-1.408l1.28-3.52-4.16-4.224-3.392 1.28q-0.896 0.384-1.376-0.064t-0.096-1.472q0.384-0.96 0.992-2.528t0.864-2.080 0.704-1.44 0.8-1.152 0.928-0.64 1.312-0.416h1.664t2.272 0.192q0.32-0.448 0.928-1.248t2.464-2.72 3.776-3.328 4.64-2.4 5.28-0.608q0.256 0 0.448 0.192 0.128 0.128 0.192 0.448 0.32 2.624-0.576 5.376t-2.432 4.832-3.136 3.776-2.752 2.592zM18.976 10.176q0.704 0.704 1.728 0.704t1.728-0.704q0.704-0.768 0.704-1.792t-0.704-1.792q-0.704-0.704-1.728-0.704t-1.728 0.704q-0.704 0.768-0.704 1.792t0.704 1.792z\"><\/path>\n<\/svg><\/span><\/div><article class=\"article-icon-entry \"  itemscope=\"itemscope\" itemtype=\"https:\/\/schema.org\/BlogPosting\" itemprop=\"blogPost\" ><div class=\"iconlist_content_wrap\"><header class=\"entry-content-header\" aria-label=\"Icon: F\u00f6rderung von Innovationen\"><h4 class='av_iconlist_title iconlist_title  '  itemprop=\"headline\" >F\u00f6rderung von Innovationen<\/h4><\/header><div class='iconlist_content '  itemprop=\"text\" ><p>Unterst\u00fctzung und Vernetzung von Unternehmen, Start-ups und Forschungseinrichtungen zur Entwicklung neuer Technologien in den Bereichen Kreislaufwirtschaft, Wasser- und Abwassertechnologien, Luftreinhaltung, Ressourceneffizienz und erneuerbare Energien.<\/p>\n<\/div><\/div><footer class=\"entry-footer\"><\/footer><\/article><div class=\"iconlist-timeline\"><\/div><\/li>\n<li><div class='iconlist_icon av-m8ppgovc-a2a87ce1b295a839840885fa37798eb5 avia-font-svg_entypo-fontello avia-svg-icon avia-font-svg_entypo-fontello'><span class='av-icon-char' data-av_svg_icon='network' data-av_iconset='svg_entypo-fontello'><svg version=\"1.1\" xmlns=\"http:\/\/www.w3.org\/2000\/svg\" width=\"29\" height=\"32\" viewBox=\"0 0 29 32\" preserveAspectRatio=\"xMidYMid meet\" aria-labelledby='av-svg-title-2' aria-describedby='av-svg-desc-2' role=\"graphics-symbol\" aria-hidden=\"true\">\n<title id='av-svg-title-2'>Network<\/title>\n<desc id='av-svg-desc-2'>Network<\/desc>\n<path d=\"M7.168 11.072q-0.704 0-1.344 0.32-1.536-1.664-2.944-4.096 1.728-2.368 4.096-3.776 2.944 1.216 4.864 2.624-0.192 0.512-0.192 1.024 0 0.192 0.128 0.704-1.984 1.536-3.712 3.328-0.512-0.128-0.896-0.128zM4.032 14.208q0 1.088 0.64 1.92-1.92 3.648-2.56 7.424-2.112-3.392-2.112-7.552 0-3.52 1.6-6.592 1.216 1.984 2.688 3.584-0.256 0.768-0.256 1.216zM14.784 4.032q-0.896 0-1.6 0.448-1.856-1.344-3.648-2.24 2.688-0.96 5.184-0.96 3.84 0 7.36 1.984-2.432 0.448-5.184 1.6-0.832-0.832-2.112-0.832zM19.456 18.752q-5.12-0.768-9.28-3.584 0.128-0.64 0.128-0.96 0-0.768-0.448-1.664 1.216-1.408 3.136-2.88 0.832 0.64 1.792 0.64 0.448 0 1.216-0.256 3.008 3.456 4.288 7.68-0.512 0.448-0.832 1.024zM23.552 22.976q1.216-0.448 1.728-1.92 1.856-0.128 3.456-0.576-1.472 4.672-5.312 7.424 0.192-1.536 0.192-3.136 0-0.32-0.032-0.896t-0.032-0.896zM18.752 20.864q-6.080 3.072-9.728 8.704-2.88-1.152-5.056-3.52 0.384-4.608 2.56-8.768 0.192 0.064 0.64 0.064 0.96 0 1.664-0.448 4.544 3.136 9.92 3.968zM24.64 5.12q4.8 4.352 4.8 10.88 0 0.704-0.128 2.112-2.048 0.576-4.16 0.768-0.768-1.792-2.816-1.92-1.536-4.672-4.736-8.448 0.32-0.64 0.32-1.344v-0.32q3.2-1.344 6.72-1.728zM20.288 22.528q0.448 0.32 1.024 0.576 0.064 0.576 0.064 1.664 0 2.56-0.448 4.608-2.752 1.344-6.208 1.344-1.856 0-3.584-0.384 3.52-5.12 9.152-7.808z\"><\/path>\n<\/svg><\/span><\/div><article class=\"article-icon-entry \"  itemscope=\"itemscope\" itemtype=\"https:\/\/schema.org\/BlogPosting\" itemprop=\"blogPost\" ><div class=\"iconlist_content_wrap\"><header class=\"entry-content-header\" aria-label=\"Icon: Netzwerkarbeit und Kooperationen\"><h4 class='av_iconlist_title iconlist_title  '  itemprop=\"headline\" >Netzwerkarbeit und Kooperationen<\/h4><\/header><div class='iconlist_content '  itemprop=\"text\" ><p>Schaffung eines starken \u00d6kosystems aus Wirtschaft, Wissenschaft und Politik, das gemeinsam an nachhaltigen L\u00f6sungen arbeitet.<\/p>\n<\/div><\/div><footer class=\"entry-footer\"><\/footer><\/article><div class=\"iconlist-timeline\"><\/div><\/li>\n<li><div class='iconlist_icon av-m8pphvwj-b679337c916e77f309c24aa219dad2a0 avia-font-entypo-fontello avia-iconfont avia-font-entypo-fontello'><span class='av-icon-char' data-av_icon='\ue864' data-av_iconfont='entypo-fontello' aria-hidden=\"true\"><\/span><\/div><article class=\"article-icon-entry \"  itemscope=\"itemscope\" itemtype=\"https:\/\/schema.org\/BlogPosting\" itemprop=\"blogPost\" ><div class=\"iconlist_content_wrap\"><header class=\"entry-content-header\" aria-label=\"Icon: Wissenstransfer und Weiterbildung\"><h4 class='av_iconlist_title iconlist_title  '  itemprop=\"headline\" >Wissenstransfer und Weiterbildung<\/h4><\/header><div class='iconlist_content '  itemprop=\"text\" ><p>Organisation von Fachveranstaltungen, Workshops und Schulungen, um den Austausch von Fachwissen und Best Practices zu f\u00f6rdern.<\/p>\n<\/div><\/div><footer class=\"entry-footer\"><\/footer><\/article><div class=\"iconlist-timeline\"><\/div><\/li>\n<li><div class='iconlist_icon av-m8ppij2k-26e04f1fcca21cc02772a5e3f3a2af26 avia-font-svg_entypo-fontello avia-svg-icon avia-font-svg_entypo-fontello'><span class='av-icon-char' data-av_svg_icon='globe' data-av_iconset='svg_entypo-fontello'><svg version=\"1.1\" xmlns=\"http:\/\/www.w3.org\/2000\/svg\" width=\"31\" height=\"32\" viewBox=\"0 0 31 32\" preserveAspectRatio=\"xMidYMid meet\" aria-labelledby='av-svg-title-3' aria-describedby='av-svg-desc-3' role=\"graphics-symbol\" aria-hidden=\"true\">\n<title id='av-svg-title-3'>Globe<\/title>\n<desc id='av-svg-desc-3'>Globe<\/desc>\n<path d=\"M15.36 0.64q6.4 0 10.88 4.512t4.48 10.848q0 6.4-4.48 10.88t-10.88 4.48q-6.336 0-10.848-4.48t-4.512-10.88q0-6.336 4.512-10.848t10.848-4.512zM28.48 16q0-4.224-2.496-7.648t-6.464-4.768q-0.576 0.768-0.512 1.024 0.128 1.216 0.576 1.632t0.96 0.224l1.024-0.384t0.64-0.064q0.704 0.768 0 1.504t-1.44 1.792-0.032 2.464q1.088 2.048 3.072 2.048 0.896 0.064 1.376 1.152t0.544 2.112q0.32 2.56-0.448 4.48-0.704 1.408 0.448 2.432 2.752-3.584 2.752-8zM13.568 3.072q-3.584 0.448-6.368 2.688t-4.064 5.568q0.192 0 0.704 0.064t0.896 0.096 0.832 0.128 0.768 0.256 0.384 0.416q0.128 0.384-0.448 1.44t-0.576 1.952q0 0.96 1.216 1.792t1.216 1.472q0 0.896 0.256 2.176t0.256 1.408q0 0.384 1.152 1.728t1.664 1.344q0.32 0 0.352-0.704t-0.064-1.728-0.096-1.28q0-1.024 0.448-2.368 0.384-1.344 1.888-2.24t1.76-1.472q0.512-1.088 0.288-1.952t-0.544-1.376-1.088-0.896-1.312-0.544-1.184-0.288-0.704-0.128q-0.512-0.192-1.344-0.224t-1.152 0.096-0.864-0.352-0.544-0.928q0-0.32 0.48-0.864t1.12-1.184 0.896-0.96q0.256-0.448 0.544-0.672t0.704-0.512 0.864-0.672q0.128-0.128 0.8-0.544t0.864-0.736zM11.264 28.48q2.112 0.64 4.096 0.64 4.096 0 7.232-2.176-0.832-1.408-3.776-1.088-0.768 0.064-2.080 0.544t-1.504 0.544q-2.368 0.512-2.432 0.512-0.384 0.064-0.832 0.448t-0.704 0.576z\"><\/path>\n<\/svg><\/span><\/div><article class=\"article-icon-entry \"  itemscope=\"itemscope\" itemtype=\"https:\/\/schema.org\/BlogPosting\" itemprop=\"blogPost\" ><div class=\"iconlist_content_wrap\"><header class=\"entry-content-header\" aria-label=\"Icon:  Internationale Vernetzung\"><h4 class='av_iconlist_title iconlist_title  '  itemprop=\"headline\" > Internationale Vernetzung<\/h4><\/header><div class='iconlist_content '  itemprop=\"text\" ><p>St\u00e4rkung der globalen Wettbewerbsf\u00e4higkeit der bayerischen Umweltwirtschaft durch Kooperationen mit internationalen Partnern.<\/p>\n<\/div><\/div><footer class=\"entry-footer\"><\/footer><\/article><div class=\"iconlist-timeline\"><\/div><\/li>\n<li><div class='iconlist_icon av-m8ppj6er-c3a614d8ec2a8be278ed6505e8186814 avia-font-svg_entypo-fontello avia-svg-icon avia-font-svg_entypo-fontello'><span class='av-icon-char' data-av_svg_icon='leaf' data-av_iconset='svg_entypo-fontello'><svg version=\"1.1\" xmlns=\"http:\/\/www.w3.org\/2000\/svg\" width=\"30\" height=\"32\" viewBox=\"0 0 30 32\" preserveAspectRatio=\"xMidYMid meet\" aria-labelledby='av-svg-title-4' aria-describedby='av-svg-desc-4' role=\"graphics-symbol\" aria-hidden=\"true\">\n<title id='av-svg-title-4'>Leaf<\/title>\n<desc id='av-svg-desc-4'>Leaf<\/desc>\n<path d=\"M7.552 6.528q5.824-3.392 16.192-2.112 5.376 0.704 6.272 1.6 0.128 0.192-0.064 0.32-2.432 1.28-4.16 3.488t-2.496 4.224-2.080 4.224-2.976 3.36q-4.416 3.072-12.224 0.128-2.112 2.432-3.648 5.632-0.384 0.768-1.504 0.224t-0.8-1.248q1.408-3.2 4.128-6.176t5.632-4.896 5.632-3.392 4.512-2.176l1.728-0.64q-0.448 0-1.312 0.032t-3.328 0.448-4.736 1.216-5.184 2.688-5.152 4.512q-0.704-7.744 5.568-11.456z\"><\/path>\n<\/svg><\/span><\/div><article class=\"article-icon-entry \"  itemscope=\"itemscope\" itemtype=\"https:\/\/schema.org\/BlogPosting\" itemprop=\"blogPost\" ><div class=\"iconlist_content_wrap\"><header class=\"entry-content-header\" aria-label=\"Icon: F\u00f6rderung nachhaltiger Gesch\u00e4ftsmodelle\"><h4 class='av_iconlist_title iconlist_title  '  itemprop=\"headline\" >F\u00f6rderung nachhaltiger Gesch\u00e4ftsmodelle<\/h4><\/header><div class='iconlist_content '  itemprop=\"text\" ><p>Unterst\u00fctzung von Unternehmen bei der Umsetzung \u00f6kologischer Innovationen und nachhaltiger Prozesse.<\/p>\n<\/div><\/div><footer class=\"entry-footer\"><\/footer><\/article><div class=\"iconlist-timeline\"><\/div><\/li>\n<\/ul><\/div>\n\n<\/div><\/div><\/div><!-- close content main div --><\/div><\/div><div id='av_section_3'  class='avia-section av-lqznew-4a45ce7667404acd82050140a56cee3c main_color avia-section-default avia-no-border-styling  avia-builder-el-9  el_after_av_section  avia-builder-el-last  avia-bg-style-scroll container_wrap fullsize'  ><div class='container av-section-cont-open' ><div class='template-page content  av-content-full alpha units'><div class='post-entry post-entry-type-page post-entry-23016'><div class='entry-content-wrapper clearfix'>\n\n<style type=\"text\/css\" data-created_by=\"avia_inline_auto\" id=\"style-css-av-m8pppqsm-e080777231a8c8c8898f4b4d2b6bc23e\">\n#top .av-special-heading.av-m8pppqsm-e080777231a8c8c8898f4b4d2b6bc23e{\npadding-bottom:10px;\n}\nbody .av-special-heading.av-m8pppqsm-e080777231a8c8c8898f4b4d2b6bc23e .av-special-heading-tag .heading-char{\nfont-size:25px;\n}\n.av-special-heading.av-m8pppqsm-e080777231a8c8c8898f4b4d2b6bc23e .av-subheading{\nfont-size:15px;\n}\n<\/style>\n<div  class='av-special-heading av-m8pppqsm-e080777231a8c8c8898f4b4d2b6bc23e av-special-heading-h3 blockquote modern-quote  avia-builder-el-10  el_before_av_textblock  avia-builder-el-first '><h3 class='av-special-heading-tag '  itemprop=\"headline\"  >Dr. Stephanie Kauf-Schraml \u2013 Eine starke Stimme f\u00fcr die Umwelttechnologie-Branche<\/h3><div class=\"special-heading-border\"><div class=\"special-heading-inner-border\"><\/div><\/div><\/div>\n<section  class='av_textblock_section av-m8pppezk-719c908888765983ed3561a22a97ff48 '   itemscope=\"itemscope\" itemtype=\"https:\/\/schema.org\/BlogPosting\" itemprop=\"blogPost\" ><div class='avia_textblock'  itemprop=\"text\" ><p class=\"\" data-start=\"2295\" data-end=\"2741\">Mit ihrer erneuten Wahl \u00fcbernimmt <strong data-start=\"2329\" data-end=\"2359\">Dr. Stephanie Kauf-Schraml<\/strong> eine Schl\u00fcsselrolle in diesem hochkar\u00e4tigen Netzwerk. Ihre langj\u00e4hrige Erfahrung in der Umweltbranche sowie ihr Engagement f\u00fcr nachhaltige Innovationen machen sie zu einer idealen Vertreterin f\u00fcr das Umweltcluster Bayern. Gemeinsam mit weiteren f\u00fchrenden K\u00f6pfen wird sie dazu beitragen, die Umwelttechnologie-Branche weiterzuentwickeln und zukunftsf\u00e4hige L\u00f6sungen voranzutreiben.<\/p>\n<p data-start=\"2295\" data-end=\"2741\">Auch f\u00fcr <b>SCHRAML <\/b>als Unternehmen ist ihre Rolle im Umweltcluster von gro\u00dfer Bedeutung. Der enge Austausch mit Unternehmen, Forschungseinrichtungen und politischen Akteuren bietet wertvolle Impulse f\u00fcr die Weiterentwicklung unserer eigenen Technologien und L\u00f6sungen. Durch die aktive Mitgestaltung in diesem Innovationsnetzwerk k\u00f6nnen wir <strong data-start=\"3069\" data-end=\"3221\">zukunftsweisende Trends fr\u00fchzeitig erkennen, neue Kooperationen eingehen und die Nachhaltigkeit in der Wasser- und Umwelttechnik weiter vorantreiben<\/strong>.<\/p>\n<p class=\"\" data-start=\"2933\" data-end=\"3005\">\ud83d\udd17 Mehr \u00fcber das Umweltcluster Bayern erfahren: <strong><u><a href=\"https:\/\/www.umweltcluster.net\/de\/\">https:\/\/www.umweltcluster.net\/de\/<\/a><\/u><\/strong><\/p>\n<\/div><\/section>\n\n","protected":false},"excerpt":{"rendered":"<p>Mit ihrer erneuten Wahl \u00fcbernimmt Dr. Stephanie Kauf-Schraml eine Schl\u00fcsselrolle in diesem hochkar\u00e4tigen Netzwerk.<\/p>\n","protected":false},"author":2112,"featured_media":23028,"comment_status":"closed","ping_status":"open","sticky":false,"template":"","format":"standard","meta":{"om_disable_all_campaigns":false,"_uf_show_specific_survey":0,"_uf_disable_surveys":false,"footnotes":""},"categories":[1],"tags":[],"class_list":["post-23016","post","type-post","status-publish","format-standard","has-post-thumbnail","hentry","category-allgemein"],"yoast_head":"<!-- This site is optimized with the Yoast SEO plugin v27.4 - https:\/\/yoast.com\/product\/yoast-seo-wordpress\/ -->\n<title>Dr. Stephanie Kauf-Schraml erneut Vorstandsvorsitzende des Umweltcluster Bayern - SCHRAML Prozessleit- und Fernwirktechnik<\/title>\n<meta name=\"description\" content=\"Mit ihrer erneuten Wahl \u00fcbernimmt Dr. Stephanie Kauf-Schraml eine Schl\u00fcsselrolle in diesem hochkar\u00e4tigen Netzwerk.\" \/>\n<meta name=\"robots\" content=\"index, follow, max-snippet:-1, max-image-preview:large, max-video-preview:-1\" \/>\n<link rel=\"canonical\" href=\"https:\/\/www.schraml.de\/index.php\/2025\/03\/26\/dr-stephanie-kauf-schraml-erneut-vorstandsvorsitzende-des-umweltcluster-bayern\/\" \/>\n<meta property=\"og:locale\" content=\"de_DE\" \/>\n<meta property=\"og:type\" content=\"article\" \/>\n<meta property=\"og:title\" content=\"Dr. Stephanie Kauf-Schraml erneut Vorstandsvorsitzende des Umweltcluster Bayern - SCHRAML Prozessleit- und Fernwirktechnik\" \/>\n<meta property=\"og:description\" content=\"Mit ihrer erneuten Wahl \u00fcbernimmt Dr. Stephanie Kauf-Schraml eine Schl\u00fcsselrolle in diesem hochkar\u00e4tigen Netzwerk.\" \/>\n<meta property=\"og:url\" content=\"https:\/\/www.schraml.de\/index.php\/2025\/03\/26\/dr-stephanie-kauf-schraml-erneut-vorstandsvorsitzende-des-umweltcluster-bayern\/\" \/>\n<meta property=\"og:site_name\" content=\"SCHRAML Prozessleit- und Fernwirktechnik\" \/>\n<meta property=\"article:published_time\" content=\"2025-03-26T11:16:43+00:00\" \/>\n<meta property=\"article:modified_time\" content=\"2025-03-26T11:16:46+00:00\" \/>\n<meta property=\"og:image\" content=\"https:\/\/www.schraml.de\/wp-content\/uploads\/2025\/03\/Thumbnails-Blog15.png\" \/>\n\t<meta property=\"og:image:width\" content=\"1080\" \/>\n\t<meta property=\"og:image:height\" content=\"1080\" \/>\n\t<meta property=\"og:image:type\" content=\"image\/png\" \/>\n<meta name=\"author\" content=\"Viktoria\" \/>\n<meta name=\"twitter:card\" content=\"summary_large_image\" \/>\n<meta name=\"twitter:label1\" content=\"Geschrieben von\" \/>\n\t<meta name=\"twitter:data1\" content=\"Viktoria\" \/>\n\t<meta name=\"twitter:label2\" content=\"Gesch\u00e4tzte Lesezeit\" \/>\n\t<meta name=\"twitter:data2\" content=\"3\u00a0Minuten\" \/>\n<!-- \/ Yoast SEO plugin. -->","yoast_head_json":{"title":"Dr. Stephanie Kauf-Schraml erneut Vorstandsvorsitzende des Umweltcluster Bayern - SCHRAML Prozessleit- und Fernwirktechnik","description":"Mit ihrer erneuten Wahl \u00fcbernimmt Dr. Stephanie Kauf-Schraml eine Schl\u00fcsselrolle in diesem hochkar\u00e4tigen Netzwerk.","robots":{"index":"index","follow":"follow","max-snippet":"max-snippet:-1","max-image-preview":"max-image-preview:large","max-video-preview":"max-video-preview:-1"},"canonical":"https:\/\/www.schraml.de\/index.php\/2025\/03\/26\/dr-stephanie-kauf-schraml-erneut-vorstandsvorsitzende-des-umweltcluster-bayern\/","og_locale":"de_DE","og_type":"article","og_title":"Dr. Stephanie Kauf-Schraml erneut Vorstandsvorsitzende des Umweltcluster Bayern - SCHRAML Prozessleit- und Fernwirktechnik","og_description":"Mit ihrer erneuten Wahl \u00fcbernimmt Dr. Stephanie Kauf-Schraml eine Schl\u00fcsselrolle in diesem hochkar\u00e4tigen Netzwerk.","og_url":"https:\/\/www.schraml.de\/index.php\/2025\/03\/26\/dr-stephanie-kauf-schraml-erneut-vorstandsvorsitzende-des-umweltcluster-bayern\/","og_site_name":"SCHRAML Prozessleit- und Fernwirktechnik","article_published_time":"2025-03-26T11:16:43+00:00","article_modified_time":"2025-03-26T11:16:46+00:00","og_image":[{"width":1080,"height":1080,"url":"https:\/\/www.schraml.de\/wp-content\/uploads\/2025\/03\/Thumbnails-Blog15.png","type":"image\/png"}],"author":"Viktoria","twitter_card":"summary_large_image","twitter_misc":{"Geschrieben von":"Viktoria","Gesch\u00e4tzte Lesezeit":"3\u00a0Minuten"},"schema":{"@context":"https:\/\/schema.org","@graph":[{"@type":"Article","@id":"https:\/\/www.schraml.de\/index.php\/2025\/03\/26\/dr-stephanie-kauf-schraml-erneut-vorstandsvorsitzende-des-umweltcluster-bayern\/#article","isPartOf":{"@id":"https:\/\/www.schraml.de\/index.php\/2025\/03\/26\/dr-stephanie-kauf-schraml-erneut-vorstandsvorsitzende-des-umweltcluster-bayern\/"},"author":{"name":"Viktoria","@id":"https:\/\/www.schraml.de\/#\/schema\/person\/078f00bfbd0fe54dc797afd86e7fe3d9"},"headline":"Dr. Stephanie Kauf-Schraml erneut Vorstandsvorsitzende des Umweltcluster Bayern","datePublished":"2025-03-26T11:16:43+00:00","dateModified":"2025-03-26T11:16:46+00:00","mainEntityOfPage":{"@id":"https:\/\/www.schraml.de\/index.php\/2025\/03\/26\/dr-stephanie-kauf-schraml-erneut-vorstandsvorsitzende-des-umweltcluster-bayern\/"},"wordCount":3286,"publisher":{"@id":"https:\/\/www.schraml.de\/#organization"},"image":{"@id":"https:\/\/www.schraml.de\/index.php\/2025\/03\/26\/dr-stephanie-kauf-schraml-erneut-vorstandsvorsitzende-des-umweltcluster-bayern\/#primaryimage"},"thumbnailUrl":"https:\/\/www.schraml.de\/wp-content\/uploads\/2025\/03\/Thumbnails-Blog15.png","inLanguage":"de"},{"@type":"WebPage","@id":"https:\/\/www.schraml.de\/index.php\/2025\/03\/26\/dr-stephanie-kauf-schraml-erneut-vorstandsvorsitzende-des-umweltcluster-bayern\/","url":"https:\/\/www.schraml.de\/index.php\/2025\/03\/26\/dr-stephanie-kauf-schraml-erneut-vorstandsvorsitzende-des-umweltcluster-bayern\/","name":"Dr. Stephanie Kauf-Schraml erneut Vorstandsvorsitzende des Umweltcluster Bayern - SCHRAML Prozessleit- und Fernwirktechnik","isPartOf":{"@id":"https:\/\/www.schraml.de\/#website"},"primaryImageOfPage":{"@id":"https:\/\/www.schraml.de\/index.php\/2025\/03\/26\/dr-stephanie-kauf-schraml-erneut-vorstandsvorsitzende-des-umweltcluster-bayern\/#primaryimage"},"image":{"@id":"https:\/\/www.schraml.de\/index.php\/2025\/03\/26\/dr-stephanie-kauf-schraml-erneut-vorstandsvorsitzende-des-umweltcluster-bayern\/#primaryimage"},"thumbnailUrl":"https:\/\/www.schraml.de\/wp-content\/uploads\/2025\/03\/Thumbnails-Blog15.png","datePublished":"2025-03-26T11:16:43+00:00","dateModified":"2025-03-26T11:16:46+00:00","description":"Mit ihrer erneuten Wahl \u00fcbernimmt Dr. Stephanie Kauf-Schraml eine Schl\u00fcsselrolle in diesem hochkar\u00e4tigen Netzwerk.","breadcrumb":{"@id":"https:\/\/www.schraml.de\/index.php\/2025\/03\/26\/dr-stephanie-kauf-schraml-erneut-vorstandsvorsitzende-des-umweltcluster-bayern\/#breadcrumb"},"inLanguage":"de","potentialAction":[{"@type":"ReadAction","target":["https:\/\/www.schraml.de\/index.php\/2025\/03\/26\/dr-stephanie-kauf-schraml-erneut-vorstandsvorsitzende-des-umweltcluster-bayern\/"]}]},{"@type":"ImageObject","inLanguage":"de","@id":"https:\/\/www.schraml.de\/index.php\/2025\/03\/26\/dr-stephanie-kauf-schraml-erneut-vorstandsvorsitzende-des-umweltcluster-bayern\/#primaryimage","url":"https:\/\/www.schraml.de\/wp-content\/uploads\/2025\/03\/Thumbnails-Blog15.png","contentUrl":"https:\/\/www.schraml.de\/wp-content\/uploads\/2025\/03\/Thumbnails-Blog15.png","width":1080,"height":1080,"caption":"Dr. Stephanie Kauf-Schraml erneut Vorstandsvorsitzende des Umweltcluster Bayern"},{"@type":"BreadcrumbList","@id":"https:\/\/www.schraml.de\/index.php\/2025\/03\/26\/dr-stephanie-kauf-schraml-erneut-vorstandsvorsitzende-des-umweltcluster-bayern\/#breadcrumb","itemListElement":[{"@type":"ListItem","position":1,"name":"Startseite","item":"https:\/\/www.schraml.de\/"},{"@type":"ListItem","position":2,"name":"Dr. Stephanie Kauf-Schraml erneut Vorstandsvorsitzende des Umweltcluster Bayern"}]},{"@type":"WebSite","@id":"https:\/\/www.schraml.de\/#website","url":"https:\/\/www.schraml.de\/","name":"SCHRAML Prozessleit- und Fernwirktechnik","description":"Prozessleit-, Fernwirk- und Automatisierungstechnik f\u00fcr intelligentes Wassermanagement","publisher":{"@id":"https:\/\/www.schraml.de\/#organization"},"potentialAction":[{"@type":"SearchAction","target":{"@type":"EntryPoint","urlTemplate":"https:\/\/www.schraml.de\/?s={search_term_string}"},"query-input":{"@type":"PropertyValueSpecification","valueRequired":true,"valueName":"search_term_string"}}],"inLanguage":"de"},{"@type":"Organization","@id":"https:\/\/www.schraml.de\/#organization","name":"SCHRAML GmbH","url":"https:\/\/www.schraml.de\/","logo":{"@type":"ImageObject","inLanguage":"de","@id":"https:\/\/www.schraml.de\/#\/schema\/logo\/image\/","url":"https:\/\/www.schraml.de\/wp-content\/uploads\/2016\/06\/SCHRAML-Logo.png","contentUrl":"https:\/\/www.schraml.de\/wp-content\/uploads\/2016\/06\/SCHRAML-Logo.png","width":512,"height":148,"caption":"SCHRAML GmbH"},"image":{"@id":"https:\/\/www.schraml.de\/#\/schema\/logo\/image\/"},"sameAs":["https:\/\/www.linkedin.com\/company\/schraml-gmbh","https:\/\/www.youtube.com\/channel\/UClSE-NVUQx_Cvs6hDnImkWg"]},{"@type":"Person","@id":"https:\/\/www.schraml.de\/#\/schema\/person\/078f00bfbd0fe54dc797afd86e7fe3d9","name":"Viktoria","url":"https:\/\/www.schraml.de\/index.php\/author\/viktoria-gruberschraml-de\/"}]}},"_links":{"self":[{"href":"https:\/\/www.schraml.de\/index.php\/wp-json\/wp\/v2\/posts\/23016","targetHints":{"allow":["GET"]}}],"collection":[{"href":"https:\/\/www.schraml.de\/index.php\/wp-json\/wp\/v2\/posts"}],"about":[{"href":"https:\/\/www.schraml.de\/index.php\/wp-json\/wp\/v2\/types\/post"}],"author":[{"embeddable":true,"href":"https:\/\/www.schraml.de\/index.php\/wp-json\/wp\/v2\/users\/2112"}],"replies":[{"embeddable":true,"href":"https:\/\/www.schraml.de\/index.php\/wp-json\/wp\/v2\/comments?post=23016"}],"version-history":[{"count":12,"href":"https:\/\/www.schraml.de\/index.php\/wp-json\/wp\/v2\/posts\/23016\/revisions"}],"predecessor-version":[{"id":23035,"href":"https:\/\/www.schraml.de\/index.php\/wp-json\/wp\/v2\/posts\/23016\/revisions\/23035"}],"wp:featuredmedia":[{"embeddable":true,"href":"https:\/\/www.schraml.de\/index.php\/wp-json\/wp\/v2\/media\/23028"}],"wp:attachment":[{"href":"https:\/\/www.schraml.de\/index.php\/wp-json\/wp\/v2\/media?parent=23016"}],"wp:term":[{"taxonomy":"category","embeddable":true,"href":"https:\/\/www.schraml.de\/index.php\/wp-json\/wp\/v2\/categories?post=23016"},{"taxonomy":"post_tag","embeddable":true,"href":"https:\/\/www.schraml.de\/index.php\/wp-json\/wp\/v2\/tags?post=23016"}],"curies":[{"name":"wp","href":"https:\/\/api.w.org\/{rel}","templated":true}]}}